{"id":1817,"date":"2022-09-23T09:50:35","date_gmt":"2022-09-23T07:50:35","guid":{"rendered":"http:\/\/www.freiheitskaempfer.at\/?p=1817"},"modified":"2022-11-03T23:52:13","modified_gmt":"2022-11-03T21:52:13","slug":"gedenkmarsch-1-november-2022","status":"publish","type":"post","link":"https:\/\/www.freiheitskaempfer.at\/?p=1817","title":{"rendered":"Gedenkmarsch 1. November 2022"},"content":{"rendered":"<p style=\"font-weight: 400;\">Der Bund Sozialdemokratischer Freiheitsk\u00e4mpferInnen, Opfer des Faschismus und aktiver AntifaschistInnen gedenkt gemeinsam mit den MandatarInnen und VertreterInnen der SP\u00d6, der Wiener SP\u00d6-Bildung, der Sozialdemokratischen Frauen, der Sozialistischen Jugend, der Jungen Generation und des VSSt\u00d6 der Opfer des Kampfes gegen den Austrofaschismus und gegen den Nazifaschismus.<\/p>\n<p style=\"font-weight: 400;\">&nbsp;<\/p>\n<p style=\"font-weight: 400;\"><strong>Wir treffen uns am Dienstag, den 1. November 2022, ab 9.00 Uhr am Johann-Hatzl-Platz vor dem 2. Tor des Zentralfriedhofs. Der Gedenkmarsch beginnt um 9.30 Uhr.<\/strong><\/p>\n<p style=\"font-weight: 400;\">&nbsp;<\/p>\n<p style=\"font-weight: 400;\">Der Gedenkmarsch f\u00fchrt an den Gr\u00e4bern von Rosa Jochmann, Bruno Kreisky und Anton Benya vorbei zum Mahnmal der Stadt Wien f\u00fcr die Opfer f\u00fcr ein freies \u00d6sterreich 1934\u20131945, wo PV\u00d6-Pr\u00e4sident Peter Kostelka sprechen wird. Beim Mahnmal f\u00fcr die Opfer der NS-Justiz und der NS-Kindereuthanasie \u201eAm Spiegelgrund\u201c (Steinhof) in der Gruppe 40 spricht Kinderfreunde \u00d6sterreich BGF Daniela Gruber-Pruner Worte des Gedenkens. Der Gedenkmarsch endet im Ehrenhain f\u00fcr die Februar- und die Spanienk\u00e4mpfer. Die Abschlussrede h\u00e4lt die Vorsitzende der Sozialistischen Jugend Wien Rihab Toumi.<\/p>\n","protected":false},"excerpt":{"rendered":"<p>Der Bund Sozialdemokratischer Freiheitsk\u00e4mpferInnen, Opfer des Faschismus und aktiver AntifaschistInnen gedenkt gemeinsam mit den MandatarInnen und VertreterInnen der SP\u00d6, der Wiener SP\u00d6-Bildung, der Sozialdemokratischen Frauen, der Sozialistischen Jugend, der Jungen Generation und des VSSt\u00d6 der Opfer des Kampfes gegen den Austrofaschismus und gegen den Nazifaschismus. &nbsp; Wir treffen uns am Dienstag, den 1. November 2022, [&hellip;]<\/p>\n","protected":false},"author":2,"featured_media":0,"comment_status":"closed","ping_status":"closed","sticky":false,"template":"","format":"standard","meta":{"ngg_post_thumbnail":0,"footnotes":""},"categories":[1],"tags":[],"class_list":["post-1817","post","type-post","status-publish","format-standard","hentry","category-archiv"],"_links":{"self":[{"href":"https:\/\/www.freiheitskaempfer.at\/index.php?rest_route=\/wp\/v2\/posts\/1817","targetHints":{"allow":["GET"]}}],"collection":[{"href":"https:\/\/www.freiheitskaempfer.at\/index.php?rest_route=\/wp\/v2\/posts"}],"about":[{"href":"https:\/\/www.freiheitskaempfer.at\/index.php?rest_route=\/wp\/v2\/types\/post"}],"author":[{"embeddable":true,"href":"https:\/\/www.freiheitskaempfer.at\/index.php?rest_route=\/wp\/v2\/users\/2"}],"replies":[{"embeddable":true,"href":"https:\/\/www.freiheitskaempfer.at\/index.php?rest_route=%2Fwp%2Fv2%2Fcomments&post=1817"}],"version-history":[{"count":1,"href":"https:\/\/www.freiheitskaempfer.at\/index.php?rest_route=\/wp\/v2\/posts\/1817\/revisions"}],"predecessor-version":[{"id":1818,"href":"https:\/\/www.freiheitskaempfer.at\/index.php?rest_route=\/wp\/v2\/posts\/1817\/revisions\/1818"}],"wp:attachment":[{"href":"https:\/\/www.freiheitskaempfer.at\/index.php?rest_route=%2Fwp%2Fv2%2Fmedia&parent=1817"}],"wp:term":[{"taxonomy":"category","embeddable":true,"href":"https:\/\/www.freiheitskaempfer.at\/index.php?rest_route=%2Fwp%2Fv2%2Fcategories&post=1817"},{"taxonomy":"post_tag","embeddable":true,"href":"https:\/\/www.freiheitskaempfer.at\/index.php?rest_route=%2Fwp%2Fv2%2Ftags&post=1817"}],"curies":[{"name":"wp","href":"https:\/\/api.w.org\/{rel}","templated":true}]}}