{"id":1020,"date":"2014-10-11T17:40:33","date_gmt":"2014-10-11T15:40:33","guid":{"rendered":"http:\/\/www.freiheitskaempfer.at\/?p=1020"},"modified":"2014-10-11T17:40:33","modified_gmt":"2014-10-11T15:40:33","slug":"ns-verfolgung-der-kaerntner-sloweninnen","status":"publish","type":"post","link":"https:\/\/www.freiheitskaempfer.at\/?p=1020","title":{"rendered":"NS-Verfolgung der K\u00e4rntner SlowenInnen"},"content":{"rendered":"<p><i>In ihrem Werk verankert Brigitte Entner das Schicksal von fast 400 slowenischen K\u00e4rntnerinnen und K\u00e4rntnern. <\/i><i>Sie hat damit dem Erinnern an diese Menschen und den Lehren, die aus ihren Schicksalen und den finstersten Jahren unserer Geschichte zu ziehen sind, eine Zukunft gegeben.<\/i><\/p>\n<p><b>\u00a0<\/b><\/p>\n<p>Das Schicksal der slowenischen Volksgruppe w\u00e4hrend der Nazizeit wurde, wie \u00fcberhaupt die Verstrickung K\u00e4rntens in die Nazidiktatur, in der offiziellen Landesgeschichte bis vor kurzem weitgehend ausgeblendet. So verwundert es nicht, dass das allgemeine Wissen \u00fcber die Verfolgung der K\u00e4rntner Sloweninnen und Slowenen wenig entwickelt oder nicht vorhanden ist. Wer wei\u00df, dass zwischen M\u00e4rz 1938 und Mai 1945 mehr als 500 K\u00e4rntner Sloweninnen und Slowenen, darunter auch Kinder, Opfer des Naziterrors wurden?<\/p>\n<p>&nbsp;<\/p>\n<p>Brigitte Entner, Historikerin im Slowenischen Wissenschaftlichen Institut in Klagenfurt, ist es zu verdanken, dass endlich Licht auf die meist vergessenen Schicksale von 580 Naziopfer f\u00e4llt. Davon sind 517 K\u00e4rntner Sloweninnen und Slowenen, 2 Kroaten, 11 Slowenen, 4 ukrainische Zwangsarbeiter und 46 sind Deutsch-K\u00e4rntner Widerstandsk\u00e4mpfer. In ihrem k\u00fcrzlich im Drava-Verlag erschienenen Buch \u201eWer war Klara aus Sentlips\/St. Philippen \u2013 K\u00e4rntner Slowenen und Sloweninnen als Opfer der NS-Verfolgung\u201c stellt die Autorin nach mehrj\u00e4hriger Suche und wissenschaftlicher Forschung die Opferzahlen dar und gibt in Kurzbiographien diesen Opfern ihren Namen, ihr Gesicht und ihr Schicksal zur\u00fcck.<\/p>\n<p>&nbsp;<\/p>\n<p>Mit der Eingliederung \u00d6sterreichs in den Herrschaftsbereich der Nazidiktatur steigerte sich die Verfolgung bis hin zur versuchten Ausl\u00f6schung der slowenischen Volksgruppe und ihrer Kultur. Dass aber auch das nach 1945 wiedererstandene demokratische \u00d6sterreich unseren slowenischen Mitb\u00fcrgern ihre im Staatsvertrag verankerten Rechte Jahrzehnte vorenthielt und Teile der deutschsprachigen Bev\u00f6lkerung K\u00e4rntens und der offiziellen K\u00e4rntner Politik ihre diskriminierenden Vorurteile nicht \u00fcberwinden konnten oder wollten, z\u00e4hlen zu den bitteren Schandmalen unserer j\u00fcngsten Geschichte. Entners akribische Dokumentation zeigt sogar auf, dass die Zahl der Opfer bei Weitem h\u00f6her war als bisher angenommen. Der Autorin geb\u00fchrt der gr\u00f6\u00dfte Dank f\u00fcr diesen wichtigen Beitrag.<\/p>\n<p>&nbsp;<\/p>\n<p>BILD: Brigitte: Entner: \u201eWer war Klara aus \u0160entlip\u0161\/St. Philippen? K\u00e4rntner Slowenen und Sloweninnen als Opfer der NS-Verfolgung. Ein Gedenkbuch.\u201c<\/p>\n<p>Drava-Verlag, Klagenfurt-Wien\/Celovec-Dunaj, 2014.<\/p>\n<p>ISBN 978-3-85435-675-2, 5378 Seiten, \u20ac 24,80<\/p>\n","protected":false},"excerpt":{"rendered":"<p>In ihrem Werk verankert Brigitte Entner das Schicksal von fast 400 slowenischen K\u00e4rntnerinnen und K\u00e4rntnern. Sie hat damit dem Erinnern an diese Menschen und den Lehren, die aus ihren Schicksalen und den finstersten Jahren unserer Geschichte zu ziehen sind, eine Zukunft gegeben. \u00a0 Das Schicksal der slowenischen Volksgruppe w\u00e4hrend der Nazizeit wurde, wie \u00fcberhaupt die [&hellip;]<\/p>\n","protected":false},"author":2,"featured_media":1021,"comment_status":"open","ping_status":"open","sticky":false,"template":"","format":"standard","meta":{"ngg_post_thumbnail":0,"footnotes":""},"categories":[5],"tags":[],"class_list":["post-1020","post","type-post","status-publish","format-standard","has-post-thumbnail","hentry","category-literatur"],"_links":{"self":[{"href":"https:\/\/www.freiheitskaempfer.at\/index.php?rest_route=\/wp\/v2\/posts\/1020","targetHints":{"allow":["GET"]}}],"collection":[{"href":"https:\/\/www.freiheitskaempfer.at\/index.php?rest_route=\/wp\/v2\/posts"}],"about":[{"href":"https:\/\/www.freiheitskaempfer.at\/index.php?rest_route=\/wp\/v2\/types\/post"}],"author":[{"embeddable":true,"href":"https:\/\/www.freiheitskaempfer.at\/index.php?rest_route=\/wp\/v2\/users\/2"}],"replies":[{"embeddable":true,"href":"https:\/\/www.freiheitskaempfer.at\/index.php?rest_route=%2Fwp%2Fv2%2Fcomments&post=1020"}],"version-history":[{"count":1,"href":"https:\/\/www.freiheitskaempfer.at\/index.php?rest_route=\/wp\/v2\/posts\/1020\/revisions"}],"predecessor-version":[{"id":1022,"href":"https:\/\/www.freiheitskaempfer.at\/index.php?rest_route=\/wp\/v2\/posts\/1020\/revisions\/1022"}],"wp:featuredmedia":[{"embeddable":true,"href":"https:\/\/www.freiheitskaempfer.at\/index.php?rest_route=\/wp\/v2\/media\/1021"}],"wp:attachment":[{"href":"https:\/\/www.freiheitskaempfer.at\/index.php?rest_route=%2Fwp%2Fv2%2Fmedia&parent=1020"}],"wp:term":[{"taxonomy":"category","embeddable":true,"href":"https:\/\/www.freiheitskaempfer.at\/index.php?rest_route=%2Fwp%2Fv2%2Fcategories&post=1020"},{"taxonomy":"post_tag","embeddable":true,"href":"https:\/\/www.freiheitskaempfer.at\/index.php?rest_route=%2Fwp%2Fv2%2Ftags&post=1020"}],"curies":[{"name":"wp","href":"https:\/\/api.w.org\/{rel}","templated":true}]}}