{"id":1013,"date":"2014-10-11T17:37:31","date_gmt":"2014-10-11T15:37:31","guid":{"rendered":"http:\/\/www.freiheitskaempfer.at\/?p=1013"},"modified":"2014-10-11T17:37:31","modified_gmt":"2014-10-11T15:37:31","slug":"die-naziverbrechen-am-persmanhof","status":"publish","type":"post","link":"https:\/\/www.freiheitskaempfer.at\/?p=1013","title":{"rendered":"Die Naziverbrechen am Per\u0161manhof"},"content":{"rendered":"<p><i>Die Museumsp\u00e4dagogin Gudrun Blohberger und die Historikerin Lisa Rettl mit ihrem Team haben nicht nur das von Marjan Sturm 1982 am Per\u0161manhof eingerichtete Museum auf den letzten Stand der Forschung gebracht, sondern k\u00fcrzlich auch das Buch \u201ePersman\u201c vorgelegt.<\/i><\/p>\n<p>&nbsp;<\/p>\n<p>14 Tage vor der Kapitulation der Hitlerarmee und dem Kriegsende in Europa zeigte die Nazibestie noch einmal ihr wahres Gesicht: eine Einheit der 4. Kompanie des 1. Bataillons des SS- und Polizeiregiments 13 ermordete 11 wehrlose Angeh\u00f6rige der Bergbauernfamilie Sadovnik, darunter 7 Kinder unter 14 Jahren auf dem Per\u0161manhof in Koprein am Fu\u00dfe des Petzen. Die Familie unterst\u00fctzte K\u00e4rntner Partisanen.<\/p>\n<p>Jahrzehnte hat es gedauert, bis in K\u00e4rnten begonnen wurde, sich mit der Verfolgung, Deportation und dem Widerstand der slowenisch sprechenden K\u00e4rntnerInnen und mit dem Massaker am Per\u0161manhof intensiv zu besch\u00e4ftigen. Bis dahin waren diese Themen tabu und konnten erst langsam und gegen den Widerstand deutschnationaler Kreise sowie der Landespolitik offen behandelt, erforscht und diskutiert werden.<\/p>\n<p>&nbsp;<\/p>\n<p>Das Buch wird zusammen mit dem Museum Per\u0161man dazu beitragen, dass die Naziverbrechen an der Familie Sadovnik, das Leid der k\u00e4rntnerslowenischen Bev\u00f6lkerung unter der NS-Herrschaft, die vielf\u00e4ltigen Widerstandsformen mutiger Frauen, M\u00e4nner und Jugendlicher, besonders den Widerstand der in den Reihen der jugoslawischen Befreiungsfront k\u00e4mpfenden K\u00e4rntner PartisanInnen ins Bewusstsein v.a. der jungen Generation in K\u00e4rnten und im \u00fcbrigen \u00d6sterreich zu heben. Der milit\u00e4rische und zivile Widerstand der k\u00e4rntnerslowenischen Frauen und M\u00e4nner war der effizienteste im okkupierten\u00a0 \u00d6sterreich. Niemals sollten wir vergessen, dass u.a. diesem Kampf das Wiedererstehen der demokratischen Republik \u00d6sterreich gem\u00e4\u00df Moskauer Deklaration zu verdanken ist.<\/p>\n<p>&nbsp;<\/p>\n<p>Im zweisprachig verfassten Buch, zu dem Bundespr\u00e4sident Fischer Geleitworte spendete, werden drei inhaltliche Schwerpunkte behandelt: (1) Das Verbrechen am Per\u0161manhof mit einer ereignisgeschichtlichen Rekonstruktion der Ereignisse, \u00dcberlegungen zum SS- und Polizeiregiment 13 und die Justizgeschichte nach 1945. (2) Das Museum Persman. (2) Eine ausf\u00fchrliche Dokumentation relevanter Dokumente, Texte und Fotos. Damit wird ausgehend von der Geschichte der Familie Sadovnik und des Per\u0161manhofs ein \u00dcberblick zur Geschichte der K\u00e4rntner SlowenInnen im 20. Jahrhundert mit Verfolgung, Deportation und Widerstand gegeben.<\/p>\n<p>&nbsp;<\/p>\n<p>BILD:<\/p>\n<p>Gudrun Blohberger, Lisa Rettl (Hsg): \u201ePer\u0161man.\u201c<\/p>\n<p>Wallsteinverlag, G\u00f6ttingen, 2014.<\/p>\n<p>ISBN: 978-3-8353-1588-4, 480 Seiten, \u20ac29,00<\/p>\n<p>&nbsp;<\/p>\n","protected":false},"excerpt":{"rendered":"<p>Die Museumsp\u00e4dagogin Gudrun Blohberger und die Historikerin Lisa Rettl mit ihrem Team haben nicht nur das von Marjan Sturm 1982 am Per\u0161manhof eingerichtete Museum auf den letzten Stand der Forschung gebracht, sondern k\u00fcrzlich auch das Buch \u201ePersman\u201c vorgelegt. &nbsp; 14 Tage vor der Kapitulation der Hitlerarmee und dem Kriegsende in Europa zeigte die Nazibestie noch [&hellip;]<\/p>\n","protected":false},"author":2,"featured_media":1014,"comment_status":"open","ping_status":"open","sticky":false,"template":"","format":"standard","meta":{"ngg_post_thumbnail":0,"footnotes":""},"categories":[5],"tags":[],"class_list":["post-1013","post","type-post","status-publish","format-standard","has-post-thumbnail","hentry","category-literatur"],"_links":{"self":[{"href":"https:\/\/www.freiheitskaempfer.at\/index.php?rest_route=\/wp\/v2\/posts\/1013","targetHints":{"allow":["GET"]}}],"collection":[{"href":"https:\/\/www.freiheitskaempfer.at\/index.php?rest_route=\/wp\/v2\/posts"}],"about":[{"href":"https:\/\/www.freiheitskaempfer.at\/index.php?rest_route=\/wp\/v2\/types\/post"}],"author":[{"embeddable":true,"href":"https:\/\/www.freiheitskaempfer.at\/index.php?rest_route=\/wp\/v2\/users\/2"}],"replies":[{"embeddable":true,"href":"https:\/\/www.freiheitskaempfer.at\/index.php?rest_route=%2Fwp%2Fv2%2Fcomments&post=1013"}],"version-history":[{"count":1,"href":"https:\/\/www.freiheitskaempfer.at\/index.php?rest_route=\/wp\/v2\/posts\/1013\/revisions"}],"predecessor-version":[{"id":1015,"href":"https:\/\/www.freiheitskaempfer.at\/index.php?rest_route=\/wp\/v2\/posts\/1013\/revisions\/1015"}],"wp:featuredmedia":[{"embeddable":true,"href":"https:\/\/www.freiheitskaempfer.at\/index.php?rest_route=\/wp\/v2\/media\/1014"}],"wp:attachment":[{"href":"https:\/\/www.freiheitskaempfer.at\/index.php?rest_route=%2Fwp%2Fv2%2Fmedia&parent=1013"}],"wp:term":[{"taxonomy":"category","embeddable":true,"href":"https:\/\/www.freiheitskaempfer.at\/index.php?rest_route=%2Fwp%2Fv2%2Fcategories&post=1013"},{"taxonomy":"post_tag","embeddable":true,"href":"https:\/\/www.freiheitskaempfer.at\/index.php?rest_route=%2Fwp%2Fv2%2Ftags&post=1013"}],"curies":[{"name":"wp","href":"https:\/\/api.w.org\/{rel}","templated":true}]}}